{"id":3941,"date":"2019-09-19T10:40:37","date_gmt":"2019-09-19T10:40:37","guid":{"rendered":"http:\/\/temu.bsc.es\/meddocan\/?p=3941"},"modified":"2019-10-03T17:11:18","modified_gmt":"2019-10-03T15:11:18","slug":"premios","status":"publish","type":"post","link":"https:\/\/temu.bsc.es\/meddocan\/index.php\/premios\/","title":{"rendered":"Premios"},"content":{"rendered":"\n<p style=\"text-align:right\"><a href=\"http:\/\/temu.bsc.es\/meddocan\/index.php\/awards\/\">en<\/a> | <strong>es<\/strong><\/p>\n\n\n\n<h3><strong>MEDDOCAN: Medical Document Anonymization track en el marco del IberLEF-2019&nbsp;Workshop de la SEPLN Bilbao, 24 de septiembre de 2019<\/strong><\/h3>\n\n\n\n<p>El Plan de Impulso de las Tecnolog\u00edas del Lenguaje (Plan TL) tiene como objetivo fomentar el desarrollo del procesamiento del lenguaje natural, la traducci\u00f3n autom\u00e1tica y los sistemas conversacionales en lengua espa\u00f1ola y lenguas cooficiales. En el marco de dicho plan, el Ministerio de Econom\u00eda de Empresa, a trav\u00e9s del Encargo realizado por la Secretar\u00eda de Estado para el Avance Digital (SEAD) al Consorcio Barcelona Supercomputing Center &#8211; Centro Nacional de Supercomputaci\u00f3n (BSC-CNS) para la realizaci\u00f3n de actuaciones de apoyo t\u00e9cnico especializado en en el \u00e1rea de biomedicina entre otros, se anuncia la realizaci\u00f3n de convocatorias p\u00fablicas para la divulgaci\u00f3n y concurrencia de participantes en la campa\u00f1a que se detalla a continuaci\u00f3n.<\/p>\n\n\n\n<p>De conformidad con lo previsto en los art\u00edculos 17.3.b y 20.8.a de la Ley 38\/2003, de 17 de noviembre, General de Subvenciones, el art\u00edculo 6 de la ley 9\/2017 de 8 de noviembre, de Contratos del Sector P\u00fablico, las normas especiales aplicables a los concursos de proyectos para la entrega de premios establecidos en la misma y la asignaci\u00f3n de recursos presupuestarios establecidos para el ejercicio 2019 mediante la financiaci\u00f3n del encargo de gesti\u00f3n formalizado a cargo del cr\u00e9dito presupuestario 20.12.467I.640, se detalla a continuaci\u00f3n las bases de la convocatoria de la 1a campa\u00f1a a llevar a cabo.<\/p>\n\n\n\n<p><strong>Objeto y descripci\u00f3n de la campa\u00f1a: <\/strong>Como parte de la iniciativa IberLEF 2019, la <em>Oficina T\u00e9cnica General (OTG) de Sanidad<\/em> del Plan TL organiza la tarea \u201cMedical Document Anonymization (MEDDOCAN) task\u201d, la primera campa\u00f1a competitiva espec\u00edficamente dedicada a la anonimizaci\u00f3n de documentos m\u00e9dicos en espa\u00f1ol. La tarea de MEDDOCAN se estructurar\u00e1 en dos sub-tareas:<\/p>\n\n\n\n<ol><li>Identificaci\u00f3n y clasificaci\u00f3n de entidades.<\/li><li>Detecci\u00f3n de texto sensible.<\/li><\/ol>\n\n\n\n<p><strong>Inscripci\u00f3n: <\/strong>Para inscribirse como participante en la tarea objeto de la actual convocatoria, los participantes deben rellenar el siguiente <a href=\"http:\/\/temu.bsc.es\/meddocan\/index.php\/registration\/\">formulario de registro<\/a>.<\/p>\n\n\n\n<p><strong>Plazos de presentaci\u00f3n:<\/strong> La fecha l\u00edmite para presentar candidaturas es hasta el 17 de mayo de 2019 y la fecha m\u00e1xima prevista para la resoluci\u00f3n de la concesi\u00f3n de ayudas a los finalistas premiados es hasta el 20 de mayo de 2019. M\u00e1s informaci\u00f3n de las fechas de la campa\u00f1a en nuestro <a href=\"http:\/\/temu.bsc.es\/meddocan\/#schedule\">programa<\/a>.<\/p>\n\n\n\n<p><strong>Evaluaci\u00f3n<\/strong>: La evaluaci\u00f3n de las predicciones autom\u00e1ticas para esta tarea tendr\u00e1 dos escenarios diferentes: (i) identificaci\u00f3n y clasificaci\u00f3n de entidades y (ii) detecci\u00f3n de texto sensible. M\u00e1s informaci\u00f3n en nuestra secci\u00f3n <a href=\"http:\/\/temu.bsc.es\/meddocan\/index.php\/evaluation\/\">evaluaci\u00f3n<\/a>.<\/p>\n\n\n\n<p><strong>Comit\u00e9 organizador:<\/strong> Esta tarea ha sido organizada por la OTG de Sanidad del Plan TL en colaboraci\u00f3n con el Centro Nacional de Investigaciones Oncol\u00f3gicas y el Hospital 12 de Octubre de Madrid. Para m\u00e1s informaci\u00f3n, consultar nuestra secci\u00f3n <a href=\"http:\/\/temu.bsc.es\/meddocan\/index.php\/task-organizers\/\">comit\u00e9 organizador<\/a>.<\/p>\n\n\n\n<p><strong>Comit\u00e9 cient\u00edfico evaluador<\/strong>: Puede encontrarse en nuestra secci\u00f3n <a href=\"http:\/\/temu.bsc.es\/meddocan\/index.php\/scientific-committee\/ \">comit\u00e9 cient\u00edfico<\/a>.<\/p>\n\n\n\n<p><strong>Selecci\u00f3n de ganadores:<\/strong> Los tres primeros clasificados ser\u00e1n los seleccionados como finalistas a recibir los premios y las valoraciones se realizar\u00e1n seg\u00fan los criterios de evaluaci\u00f3n descritos en nuestra secci\u00f3n <a href=\"http:\/\/temu.bsc.es\/meddocan\/index.php\/evaluation\/\">evaluaci\u00f3n<\/a>.<\/p>\n\n\n\n<p><strong>Presupuesto y cuant\u00eda de las ayudas: <\/strong>El presupuesto total reservado para esta convocatoria es de <strong>3.400 euros<\/strong>.<\/p>\n\n\n\n<blockquote class=\"wp-block-quote is-style-default\"><p>El primer clasificado para cada una de las tareas recibir\u00e1 un premio de <strong>1.000 euros<\/strong>, el segundo clasificado para cada una de las tareas recibir\u00e1 un premio de <strong>500 euros<\/strong> y el tercer clasificado para cada una de las tareas recibir\u00e1 un premio de <strong>200 euros<\/strong>.<\/p><\/blockquote>\n\n\n\n<p><strong>Contacto:<\/strong> Enviar un email a <strong>Martin Krallinger<\/strong> a la direcci\u00f3n <a href=\"mailto:encargo-pln-life@bsc.es\">encargo-pln-life@bsc.es<\/a>.<\/p>\n\n\n\n<p><strong>Descarga:<\/strong>&nbsp;El documento oficial de esta convocatoria puede descargarse en formato <a rel=\"noreferrer noopener\" href=\"http:\/\/temu.bsc.es\/meddocan\/wp-content\/uploads\/2019\/03\/Awards-meddocan_ES.pdf\" target=\"_blank\">PDF<\/a>.<\/p>\n\n\n\n<p style=\"text-align:right\">Barcelona, 18 de marzo de 2019<br><\/p>\n\n\n\n<div class=\"wp-block-image\"><figure class=\"aligncenter\"><img loading=\"lazy\" width=\"248\" height=\"248\" src=\"http:\/\/temu.bsc.es\/meddocan\/wp-content\/uploads\/2019\/02\/cropped-PlanTL-big.jpg\" alt=\"\" class=\"wp-image-8\" srcset=\"https:\/\/temu.bsc.es\/meddocan\/wp-content\/uploads\/2019\/02\/cropped-PlanTL-big.jpg 248w, https:\/\/temu.bsc.es\/meddocan\/wp-content\/uploads\/2019\/02\/cropped-PlanTL-big-150x150.jpg 150w\" sizes=\"(max-width: 248px) 100vw, 248px\" \/><\/figure><\/div>\n","protected":false},"excerpt":{"rendered":"<p>en | es MEDDOCAN: Medical Document Anonymization track en el marco del IberLEF-2019&nbsp;Workshop de la SEPLN Bilbao, 24 de septiembre de 2019 El Plan de Impulso de las Tecnolog\u00edas del Lenguaje (Plan TL) tiene como objetivo fomentar el desarrollo del procesamiento del lenguaje natural, la traducci\u00f3n autom\u00e1tica y los sistemas conversacionales en lengua espa\u00f1ola y [&hellip;]<\/p>\n","protected":false},"author":1,"featured_media":0,"comment_status":"closed","ping_status":"closed","sticky":false,"template":"","format":"standard","meta":[],"categories":[1],"tags":[],"_links":{"self":[{"href":"https:\/\/temu.bsc.es\/meddocan\/index.php\/wp-json\/wp\/v2\/posts\/3941"}],"collection":[{"href":"https:\/\/temu.bsc.es\/meddocan\/index.php\/wp-json\/wp\/v2\/posts"}],"about":[{"href":"https:\/\/temu.bsc.es\/meddocan\/index.php\/wp-json\/wp\/v2\/types\/post"}],"author":[{"embeddable":true,"href":"https:\/\/temu.bsc.es\/meddocan\/index.php\/wp-json\/wp\/v2\/users\/1"}],"replies":[{"embeddable":true,"href":"https:\/\/temu.bsc.es\/meddocan\/index.php\/wp-json\/wp\/v2\/comments?post=3941"}],"version-history":[{"count":15,"href":"https:\/\/temu.bsc.es\/meddocan\/index.php\/wp-json\/wp\/v2\/posts\/3941\/revisions"}],"predecessor-version":[{"id":4128,"href":"https:\/\/temu.bsc.es\/meddocan\/index.php\/wp-json\/wp\/v2\/posts\/3941\/revisions\/4128"}],"wp:attachment":[{"href":"https:\/\/temu.bsc.es\/meddocan\/index.php\/wp-json\/wp\/v2\/media?parent=3941"}],"wp:term":[{"taxonomy":"category","embeddable":true,"href":"https:\/\/temu.bsc.es\/meddocan\/index.php\/wp-json\/wp\/v2\/categories?post=3941"},{"taxonomy":"post_tag","embeddable":true,"href":"https:\/\/temu.bsc.es\/meddocan\/index.php\/wp-json\/wp\/v2\/tags?post=3941"}],"curies":[{"name":"wp","href":"https:\/\/api.w.org\/{rel}","templated":true}]}}